{"id":26483,"date":"2023-07-31T12:21:11","date_gmt":"2023-07-31T10:21:11","guid":{"rendered":"https:\/\/thefootballsquare.com\/?p=26483"},"modified":"2024-09-18T14:34:33","modified_gmt":"2024-09-18T12:34:33","slug":"laddio-al-calcio-di-diego-godin-una-partita-indimenticabile","status":"publish","type":"post","link":"https:\/\/thefootballsquare.com\/en\/laddio-al-calcio-di-diego-godin-una-partita-indimenticabile\/","title":{"rendered":"L\u2019addio al calcio di Diego Godin, una partita indimenticabile"},"content":{"rendered":"<p>Uno dei difensori pi\u00f9 amati del calcio mondiale ha detto addio al calcio, commuovendo tutti con la sua ultima partita che si terr\u00e0 questa notte. <strong>Diego Godin<\/strong>, giocatore straordinario che ha dimostrato sempre qualit\u00e0, passione e determinazione, lascer\u00e0 il campo dopo una carriera eccezionale.<\/p>\n\n\n\n<p>Godin \u00e8 stato una leggenda nell&#8217;<strong>Atletico Madrid<\/strong>, dove ha trascorso nove anni indimenticabili, trionfando in numerose occasioni con <strong>dieci titoli vinti<\/strong>, tra cui due Europa League e tre Supercoppe UEFA. Il &#8220;Flaco&#8221; ha lasciato il segno in 627 partite, segnando <strong>38 gol <\/strong>e fornendo<strong> 23 assist<\/strong> lungo il suo percorso calcistico.<\/p>\n\n\n\n<p>Nonostante l\u2019uscita dall\u2019Atletico Madrid, il difensore uruguaiano ha continuato a mostrare la sua dedizione giocando in Italia, prima con l&#8217;<strong>Inter<\/strong> e poi con il <strong>Cagliari<\/strong>, dimostrando sempre un impegno totale anche in un&#8217;et\u00e0 pi\u00f9 matura. Successivamente, ha portato la sua esperienza e la sua abilit\u00e0 in Brasile, giocando per l&#8217;<strong>Atletico Mineiro<\/strong>, e poi ha continuato il suo cammino in Argentina, trascorrendo due stagioni al <strong>Velez Sarsfield<\/strong>.<\/p>\n\n\n\n<figure class=\"wp-block-image size-large\"><img data-dominant-color=\"73764c\" data-has-transparency=\"false\" style=\"--dominant-color: #73764c;\" fetchpriority=\"high\" decoding=\"async\" width=\"1024\" height=\"683\" src=\"https:\/\/thefootballsquare.com\/wp-content\/uploads\/2023\/07\/Diego-Godin-1-1024x683.webp\" alt=\"\" class=\"not-transparent wp-image-26486\" srcset=\"https:\/\/thefootballsquare.com\/wp-content\/uploads\/2023\/07\/Diego-Godin-1-1024x683.webp 1024w, https:\/\/thefootballsquare.com\/wp-content\/uploads\/2023\/07\/Diego-Godin-1-300x200.webp 300w, https:\/\/thefootballsquare.com\/wp-content\/uploads\/2023\/07\/Diego-Godin-1-768x512.webp 768w, https:\/\/thefootballsquare.com\/wp-content\/uploads\/2023\/07\/Diego-Godin-1-1536x1024.webp 1536w, https:\/\/thefootballsquare.com\/wp-content\/uploads\/2023\/07\/Diego-Godin-1-2048x1365.webp 2048w, https:\/\/thefootballsquare.com\/wp-content\/uploads\/2023\/07\/Diego-Godin-1-18x12.webp 18w, https:\/\/thefootballsquare.com\/wp-content\/uploads\/2023\/07\/Diego-Godin-1-600x400.webp 600w\" sizes=\"(max-width: 1024px) 100vw, 1024px\" \/><\/figure>\n\n\n\n<p>Proprio in questa ultima esperienza argentina, all&#8217;et\u00e0 di 37 anni, Diego Godin ha annunciato il commovente addio al calcio. La sua ultima partita si \u00e8 svolta stanotte, durante lo scontro tra il Velez Sarsfield e l&#8217;Huracan. Sebbene la sua squadra abbia perso 0-1, l&#8217;uruguaiano ha trovato consolazione nel modo in cui ha annunciato il suo ritiro, con grande dignit\u00e0 e nella piena salute. Dopo il match, in un&#8217;intervista con una tv argentina, ha rivelato: &#8220;<em>Ho riflettuto a lungo su questa decisione. Volevo lasciare il calcio in questo momento, mentre mi sento ancora in forma. Ma ora ci sono altre priorit\u00e0, la mia famiglia \u00e8 in Uruguay, e da poco sono diventato pap\u00e0. Voglio godermi altre esperienze e lasciare il campo con una buona immagine<\/em>.&#8221;<\/p>\n\n\n\n<p>Dopo una carriera calcistica di 20 anni, Diego Godin appende gli scarpini al chiodo, lasciando un vuoto nel cuore dei suoi tifosi e dell&#8217;intero Uruguay. Con <strong>161 presenze internazionali<\/strong>, rimarr\u00e0 per sempre un simbolo della Nazionale uruguaiana. Il suo talento e il suo spirito combattivo resteranno impresse nella memoria dei tifosi e delle nuove generazioni di calciatori.<\/p>\n\n\n\n<p>L&#8217;addio di Diego Godin \u00e8 una testimonianza di dedizione al calcio e di impegno per il proprio Paese, un esempio di determinazione e passione che ispirer\u00e0 per sempre gli amanti di questo sport. Le emozioni in campo si sono intrecciate con quelle fuori, e l&#8217;eredit\u00e0 lasciata dal grande difensore sar\u00e0 per sempre incancellabile.<\/p>\n\n\n\n<p><strong>Se vuoi scoprire tutte le ultime news che riguarderanno Diego Godin, clicca qui.\u00a0<\/strong><\/p>","protected":false},"excerpt":{"rendered":"<p>Uno dei difensori pi\u00f9 amati del calcio mondiale ha detto addio al calcio, commuovendo tutti con la sua ultima partita che si terr\u00e0 questa notte. Diego Godin, giocatore straordinario che ha dimostrato sempre qualit\u00e0, passione e determinazione, lascer\u00e0 il campo dopo una carriera eccezionale. Godin \u00e8 stato una leggenda nell&#8217;Atletico Madrid, dove ha trascorso nove [&hellip;]<\/p>","protected":false},"author":7,"featured_media":26485,"comment_status":"open","ping_status":"open","sticky":false,"template":"","format":"standard","meta":{"footnotes":"","_glsr_average":0,"_glsr_ranking":0,"_glsr_reviews":0},"categories":[1],"tags":[745,744,746,656],"yoast_head":"<!-- This site is optimized with the Yoast SEO plugin v22.3 - https:\/\/yoast.com\/wordpress\/plugins\/seo\/ -->\n<title>L\u2019addio al calcio di Diego Godin, una partita indimenticabile<\/title>\n<meta name=\"description\" content=\"Diego Godin, uno dei difensori pi\u00f9 amati del calcio mondiale ha detto addio al calcio, commuovendo tutti con la sua ultima partita.\" \/>\n<meta name=\"robots\" content=\"index, follow, max-snippet:-1, max-image-preview:large, max-video-preview:-1\" \/>\n<link rel=\"canonical\" href=\"https:\/\/thefootballsquare.com\/en\/laddio-al-calcio-di-diego-godin-una-partita-indimenticabile\/\" \/>\n<meta property=\"og:locale\" content=\"en_GB\" \/>\n<meta property=\"og:type\" content=\"article\" \/>\n<meta property=\"og:title\" content=\"L\u2019addio al calcio di Diego Godin, una partita indimenticabile\" \/>\n<meta property=\"og:description\" content=\"Diego Godin, uno dei difensori pi\u00f9 amati del calcio mondiale ha detto addio al calcio, commuovendo tutti con la sua ultima partita.\" \/>\n<meta property=\"og:url\" content=\"https:\/\/thefootballsquare.com\/en\/laddio-al-calcio-di-diego-godin-una-partita-indimenticabile\/\" \/>\n<meta property=\"og:site_name\" content=\"thefootballsquare.com\" \/>\n<meta property=\"article:published_time\" content=\"2023-07-31T10:21:11+00:00\" \/>\n<meta property=\"article:modified_time\" content=\"2024-09-18T12:34:33+00:00\" \/>\n<meta property=\"og:image\" content=\"https:\/\/thefootballsquare.com\/wp-content\/uploads\/2023\/07\/Diego-Godin-dice-addio-al-calcio-scaled.webp\" \/>\n\t<meta property=\"og:image:width\" content=\"2560\" \/>\n\t<meta property=\"og:image:height\" content=\"1706\" \/>\n\t<meta property=\"og:image:type\" content=\"image\/jpeg\" \/>\n<meta name=\"author\" content=\"Amministrazione\" \/>\n<meta name=\"twitter:card\" content=\"summary_large_image\" \/>\n<meta name=\"twitter:title\" content=\"L\u2019addio al calcio di Diego Godin, una partita indimenticabile\" \/>\n<meta name=\"twitter:description\" content=\"Diego Godin, uno dei difensori pi\u00f9 amati del calcio mondiale ha detto addio al calcio, commuovendo tutti con la sua ultima partita.\" \/>\n<meta name=\"twitter:image\" content=\"https:\/\/thefootballsquare.com\/wp-content\/uploads\/2023\/07\/Diego-Godin-dice-addio-al-calcio-scaled.webp\" \/>\n<meta name=\"twitter:label1\" content=\"Written by\" \/>\n\t<meta name=\"twitter:data1\" content=\"Amministrazione\" \/>\n\t<meta name=\"twitter:label2\" content=\"Estimated reading time\" \/>\n\t<meta name=\"twitter:data2\" content=\"3 minutes\" \/>\n<script type=\"application\/ld+json\" class=\"yoast-schema-graph\">{\"@context\":\"https:\/\/schema.org\",\"@graph\":[{\"@type\":\"Article\",\"@id\":\"https:\/\/thefootballsquare.com\/laddio-al-calcio-di-diego-godin-una-partita-indimenticabile\/#article\",\"isPartOf\":{\"@id\":\"https:\/\/thefootballsquare.com\/laddio-al-calcio-di-diego-godin-una-partita-indimenticabile\/\"},\"author\":{\"name\":\"Amministrazione\",\"@id\":\"https:\/\/thefootballsquare.com\/#\/schema\/person\/0216efb8d293ee7aed7aa770f9d52b6b\"},\"headline\":\"L\u2019addio al calcio di Diego Godin, una partita indimenticabile\",\"datePublished\":\"2023-07-31T10:21:11+00:00\",\"dateModified\":\"2024-09-18T12:34:33+00:00\",\"mainEntityOfPage\":{\"@id\":\"https:\/\/thefootballsquare.com\/laddio-al-calcio-di-diego-godin-una-partita-indimenticabile\/\"},\"wordCount\":421,\"commentCount\":0,\"publisher\":{\"@id\":\"https:\/\/thefootballsquare.com\/#organization\"},\"image\":{\"@id\":\"https:\/\/thefootballsquare.com\/laddio-al-calcio-di-diego-godin-una-partita-indimenticabile\/#primaryimage\"},\"thumbnailUrl\":\"https:\/\/thefootballsquare.com\/wp-content\/uploads\/2023\/07\/Diego-Godin-dice-addio-al-calcio-scaled.webp\",\"keywords\":[\"Atletico Madrid\",\"Diego Godin\",\"Diego Godin lascia il calcio\",\"inter\"],\"articleSection\":[\"News\"],\"inLanguage\":\"en-GB\",\"potentialAction\":[{\"@type\":\"CommentAction\",\"name\":\"Comment\",\"target\":[\"https:\/\/thefootballsquare.com\/laddio-al-calcio-di-diego-godin-una-partita-indimenticabile\/#respond\"]}]},{\"@type\":\"WebPage\",\"@id\":\"https:\/\/thefootballsquare.com\/laddio-al-calcio-di-diego-godin-una-partita-indimenticabile\/\",\"url\":\"https:\/\/thefootballsquare.com\/laddio-al-calcio-di-diego-godin-una-partita-indimenticabile\/\",\"name\":\"L\u2019addio al calcio di Diego Godin, una partita indimenticabile\",\"isPartOf\":{\"@id\":\"https:\/\/thefootballsquare.com\/#website\"},\"primaryImageOfPage\":{\"@id\":\"https:\/\/thefootballsquare.com\/laddio-al-calcio-di-diego-godin-una-partita-indimenticabile\/#primaryimage\"},\"image\":{\"@id\":\"https:\/\/thefootballsquare.com\/laddio-al-calcio-di-diego-godin-una-partita-indimenticabile\/#primaryimage\"},\"thumbnailUrl\":\"https:\/\/thefootballsquare.com\/wp-content\/uploads\/2023\/07\/Diego-Godin-dice-addio-al-calcio-scaled.webp\",\"datePublished\":\"2023-07-31T10:21:11+00:00\",\"dateModified\":\"2024-09-18T12:34:33+00:00\",\"description\":\"Diego Godin, uno dei difensori pi\u00f9 amati del calcio mondiale ha detto addio al calcio, commuovendo tutti con la sua ultima partita.\",\"breadcrumb\":{\"@id\":\"https:\/\/thefootballsquare.com\/laddio-al-calcio-di-diego-godin-una-partita-indimenticabile\/#breadcrumb\"},\"inLanguage\":\"en-GB\",\"potentialAction\":[{\"@type\":\"ReadAction\",\"target\":[\"https:\/\/thefootballsquare.com\/laddio-al-calcio-di-diego-godin-una-partita-indimenticabile\/\"]}]},{\"@type\":\"ImageObject\",\"inLanguage\":\"en-GB\",\"@id\":\"https:\/\/thefootballsquare.com\/laddio-al-calcio-di-diego-godin-una-partita-indimenticabile\/#primaryimage\",\"url\":\"https:\/\/thefootballsquare.com\/wp-content\/uploads\/2023\/07\/Diego-Godin-dice-addio-al-calcio-scaled.webp\",\"contentUrl\":\"https:\/\/thefootballsquare.com\/wp-content\/uploads\/2023\/07\/Diego-Godin-dice-addio-al-calcio-scaled.webp\",\"width\":2560,\"height\":1706,\"caption\":\"Diego-Godin-dice-addio-al-calcio\"},{\"@type\":\"BreadcrumbList\",\"@id\":\"https:\/\/thefootballsquare.com\/laddio-al-calcio-di-diego-godin-una-partita-indimenticabile\/#breadcrumb\",\"itemListElement\":[{\"@type\":\"ListItem\",\"position\":1,\"name\":\"Home\",\"item\":\"https:\/\/thefootballsquare.com\/\"},{\"@type\":\"ListItem\",\"position\":2,\"name\":\"L\u2019addio al calcio di Diego Godin, una partita indimenticabile\"}]},{\"@type\":\"WebSite\",\"@id\":\"https:\/\/thefootballsquare.com\/#website\",\"url\":\"https:\/\/thefootballsquare.com\/\",\"name\":\"thefootballsquare.com\",\"description\":\"\",\"publisher\":{\"@id\":\"https:\/\/thefootballsquare.com\/#organization\"},\"potentialAction\":[{\"@type\":\"SearchAction\",\"target\":{\"@type\":\"EntryPoint\",\"urlTemplate\":\"https:\/\/thefootballsquare.com\/?s={search_term_string}\"},\"query-input\":\"required name=search_term_string\"}],\"inLanguage\":\"en-GB\"},{\"@type\":\"Organization\",\"@id\":\"https:\/\/thefootballsquare.com\/#organization\",\"name\":\"thefootballsquare.com\",\"url\":\"https:\/\/thefootballsquare.com\/\",\"logo\":{\"@type\":\"ImageObject\",\"inLanguage\":\"en-GB\",\"@id\":\"https:\/\/thefootballsquare.com\/#\/schema\/logo\/image\/\",\"url\":\"https:\/\/thefootballsquare.com\/wp-content\/uploads\/2023\/02\/logo_TheFootbalSquare_bianco@4x.png\",\"contentUrl\":\"https:\/\/thefootballsquare.com\/wp-content\/uploads\/2023\/02\/logo_TheFootbalSquare_bianco@4x.png\",\"width\":581,\"height\":477,\"caption\":\"thefootballsquare.com\"},\"image\":{\"@id\":\"https:\/\/thefootballsquare.com\/#\/schema\/logo\/image\/\"}},{\"@type\":\"Person\",\"@id\":\"https:\/\/thefootballsquare.com\/#\/schema\/person\/0216efb8d293ee7aed7aa770f9d52b6b\",\"name\":\"Amministrazione\",\"image\":{\"@type\":\"ImageObject\",\"inLanguage\":\"en-GB\",\"@id\":\"https:\/\/thefootballsquare.com\/#\/schema\/person\/image\/\",\"url\":\"https:\/\/secure.gravatar.com\/avatar\/db9a99665c31af8b7a5b7a624cd4973c?s=96&d=mm&r=g\",\"contentUrl\":\"https:\/\/secure.gravatar.com\/avatar\/db9a99665c31af8b7a5b7a624cd4973c?s=96&d=mm&r=g\",\"caption\":\"Amministrazione\"},\"url\":\"https:\/\/thefootballsquare.com\/en\/author\/amministrazione\/\"}]}<\/script>\n<!-- \/ Yoast SEO plugin. -->","yoast_head_json":{"title":"L\u2019addio al calcio di Diego Godin, una partita indimenticabile","description":"Diego Godin, uno dei difensori pi\u00f9 amati del calcio mondiale ha detto addio al calcio, commuovendo tutti con la sua ultima partita.","robots":{"index":"index","follow":"follow","max-snippet":"max-snippet:-1","max-image-preview":"max-image-preview:large","max-video-preview":"max-video-preview:-1"},"canonical":"https:\/\/thefootballsquare.com\/en\/laddio-al-calcio-di-diego-godin-una-partita-indimenticabile\/","og_locale":"en_GB","og_type":"article","og_title":"L\u2019addio al calcio di Diego Godin, una partita indimenticabile","og_description":"Diego Godin, uno dei difensori pi\u00f9 amati del calcio mondiale ha detto addio al calcio, commuovendo tutti con la sua ultima partita.","og_url":"https:\/\/thefootballsquare.com\/en\/laddio-al-calcio-di-diego-godin-una-partita-indimenticabile\/","og_site_name":"thefootballsquare.com","article_published_time":"2023-07-31T10:21:11+00:00","article_modified_time":"2024-09-18T12:34:33+00:00","og_image":[{"width":2560,"height":1706,"url":"https:\/\/thefootballsquare.com\/wp-content\/uploads\/2023\/07\/Diego-Godin-dice-addio-al-calcio-scaled.webp","type":"image\/jpeg"}],"author":"Amministrazione","twitter_card":"summary_large_image","twitter_title":"L\u2019addio al calcio di Diego Godin, una partita indimenticabile","twitter_description":"Diego Godin, uno dei difensori pi\u00f9 amati del calcio mondiale ha detto addio al calcio, commuovendo tutti con la sua ultima partita.","twitter_image":"https:\/\/thefootballsquare.com\/wp-content\/uploads\/2023\/07\/Diego-Godin-dice-addio-al-calcio-scaled.webp","twitter_misc":{"Written by":"Amministrazione","Estimated reading time":"3 minutes"},"schema":{"@context":"https:\/\/schema.org","@graph":[{"@type":"Article","@id":"https:\/\/thefootballsquare.com\/laddio-al-calcio-di-diego-godin-una-partita-indimenticabile\/#article","isPartOf":{"@id":"https:\/\/thefootballsquare.com\/laddio-al-calcio-di-diego-godin-una-partita-indimenticabile\/"},"author":{"name":"Amministrazione","@id":"https:\/\/thefootballsquare.com\/#\/schema\/person\/0216efb8d293ee7aed7aa770f9d52b6b"},"headline":"L\u2019addio al calcio di Diego Godin, una partita indimenticabile","datePublished":"2023-07-31T10:21:11+00:00","dateModified":"2024-09-18T12:34:33+00:00","mainEntityOfPage":{"@id":"https:\/\/thefootballsquare.com\/laddio-al-calcio-di-diego-godin-una-partita-indimenticabile\/"},"wordCount":421,"commentCount":0,"publisher":{"@id":"https:\/\/thefootballsquare.com\/#organization"},"image":{"@id":"https:\/\/thefootballsquare.com\/laddio-al-calcio-di-diego-godin-una-partita-indimenticabile\/#primaryimage"},"thumbnailUrl":"https:\/\/thefootballsquare.com\/wp-content\/uploads\/2023\/07\/Diego-Godin-dice-addio-al-calcio-scaled.webp","keywords":["Atletico Madrid","Diego Godin","Diego Godin lascia il calcio","inter"],"articleSection":["News"],"inLanguage":"en-GB","potentialAction":[{"@type":"CommentAction","name":"Comment","target":["https:\/\/thefootballsquare.com\/laddio-al-calcio-di-diego-godin-una-partita-indimenticabile\/#respond"]}]},{"@type":"WebPage","@id":"https:\/\/thefootballsquare.com\/laddio-al-calcio-di-diego-godin-una-partita-indimenticabile\/","url":"https:\/\/thefootballsquare.com\/laddio-al-calcio-di-diego-godin-una-partita-indimenticabile\/","name":"L\u2019addio al calcio di Diego Godin, una partita indimenticabile","isPartOf":{"@id":"https:\/\/thefootballsquare.com\/#website"},"primaryImageOfPage":{"@id":"https:\/\/thefootballsquare.com\/laddio-al-calcio-di-diego-godin-una-partita-indimenticabile\/#primaryimage"},"image":{"@id":"https:\/\/thefootballsquare.com\/laddio-al-calcio-di-diego-godin-una-partita-indimenticabile\/#primaryimage"},"thumbnailUrl":"https:\/\/thefootballsquare.com\/wp-content\/uploads\/2023\/07\/Diego-Godin-dice-addio-al-calcio-scaled.webp","datePublished":"2023-07-31T10:21:11+00:00","dateModified":"2024-09-18T12:34:33+00:00","description":"Diego Godin, uno dei difensori pi\u00f9 amati del calcio mondiale ha detto addio al calcio, commuovendo tutti con la sua ultima partita.","breadcrumb":{"@id":"https:\/\/thefootballsquare.com\/laddio-al-calcio-di-diego-godin-una-partita-indimenticabile\/#breadcrumb"},"inLanguage":"en-GB","potentialAction":[{"@type":"ReadAction","target":["https:\/\/thefootballsquare.com\/laddio-al-calcio-di-diego-godin-una-partita-indimenticabile\/"]}]},{"@type":"ImageObject","inLanguage":"en-GB","@id":"https:\/\/thefootballsquare.com\/laddio-al-calcio-di-diego-godin-una-partita-indimenticabile\/#primaryimage","url":"https:\/\/thefootballsquare.com\/wp-content\/uploads\/2023\/07\/Diego-Godin-dice-addio-al-calcio-scaled.webp","contentUrl":"https:\/\/thefootballsquare.com\/wp-content\/uploads\/2023\/07\/Diego-Godin-dice-addio-al-calcio-scaled.webp","width":2560,"height":1706,"caption":"Diego-Godin-dice-addio-al-calcio"},{"@type":"BreadcrumbList","@id":"https:\/\/thefootballsquare.com\/laddio-al-calcio-di-diego-godin-una-partita-indimenticabile\/#breadcrumb","itemListElement":[{"@type":"ListItem","position":1,"name":"Home","item":"https:\/\/thefootballsquare.com\/"},{"@type":"ListItem","position":2,"name":"L\u2019addio al calcio di Diego Godin, una partita indimenticabile"}]},{"@type":"WebSite","@id":"https:\/\/thefootballsquare.com\/#website","url":"https:\/\/thefootballsquare.com\/","name":"thefootballsquare.com","description":"","publisher":{"@id":"https:\/\/thefootballsquare.com\/#organization"},"potentialAction":[{"@type":"SearchAction","target":{"@type":"EntryPoint","urlTemplate":"https:\/\/thefootballsquare.com\/?s={search_term_string}"},"query-input":"required name=search_term_string"}],"inLanguage":"en-GB"},{"@type":"Organization","@id":"https:\/\/thefootballsquare.com\/#organization","name":"thefootballsquare.com","url":"https:\/\/thefootballsquare.com\/","logo":{"@type":"ImageObject","inLanguage":"en-GB","@id":"https:\/\/thefootballsquare.com\/#\/schema\/logo\/image\/","url":"https:\/\/thefootballsquare.com\/wp-content\/uploads\/2023\/02\/logo_TheFootbalSquare_bianco@4x.png","contentUrl":"https:\/\/thefootballsquare.com\/wp-content\/uploads\/2023\/02\/logo_TheFootbalSquare_bianco@4x.png","width":581,"height":477,"caption":"thefootballsquare.com"},"image":{"@id":"https:\/\/thefootballsquare.com\/#\/schema\/logo\/image\/"}},{"@type":"Person","@id":"https:\/\/thefootballsquare.com\/#\/schema\/person\/0216efb8d293ee7aed7aa770f9d52b6b","name":"Amministrazione","image":{"@type":"ImageObject","inLanguage":"en-GB","@id":"https:\/\/thefootballsquare.com\/#\/schema\/person\/image\/","url":"https:\/\/secure.gravatar.com\/avatar\/db9a99665c31af8b7a5b7a624cd4973c?s=96&d=mm&r=g","contentUrl":"https:\/\/secure.gravatar.com\/avatar\/db9a99665c31af8b7a5b7a624cd4973c?s=96&d=mm&r=g","caption":"Amministrazione"},"url":"https:\/\/thefootballsquare.com\/en\/author\/amministrazione\/"}]}},"_links":{"self":[{"href":"https:\/\/thefootballsquare.com\/en\/wp-json\/wp\/v2\/posts\/26483"}],"collection":[{"href":"https:\/\/thefootballsquare.com\/en\/wp-json\/wp\/v2\/posts"}],"about":[{"href":"https:\/\/thefootballsquare.com\/en\/wp-json\/wp\/v2\/types\/post"}],"author":[{"embeddable":true,"href":"https:\/\/thefootballsquare.com\/en\/wp-json\/wp\/v2\/users\/7"}],"replies":[{"embeddable":true,"href":"https:\/\/thefootballsquare.com\/en\/wp-json\/wp\/v2\/comments?post=26483"}],"version-history":[{"count":1,"href":"https:\/\/thefootballsquare.com\/en\/wp-json\/wp\/v2\/posts\/26483\/revisions"}],"predecessor-version":[{"id":47831,"href":"https:\/\/thefootballsquare.com\/en\/wp-json\/wp\/v2\/posts\/26483\/revisions\/47831"}],"wp:featuredmedia":[{"embeddable":true,"href":"https:\/\/thefootballsquare.com\/en\/wp-json\/wp\/v2\/media\/26485"}],"wp:attachment":[{"href":"https:\/\/thefootballsquare.com\/en\/wp-json\/wp\/v2\/media?parent=26483"}],"wp:term":[{"taxonomy":"category","embeddable":true,"href":"https:\/\/thefootballsquare.com\/en\/wp-json\/wp\/v2\/categories?post=26483"},{"taxonomy":"post_tag","embeddable":true,"href":"https:\/\/thefootballsquare.com\/en\/wp-json\/wp\/v2\/tags?post=26483"}],"curies":[{"name":"wp","href":"https:\/\/api.w.org\/{rel}","templated":true}]}}