{"id":26114,"date":"2023-07-26T16:15:30","date_gmt":"2023-07-26T14:15:30","guid":{"rendered":"https:\/\/thefootballsquare.com\/?p=26114"},"modified":"2024-09-18T14:48:30","modified_gmt":"2024-09-18T12:48:30","slug":"scossa-tra-i-tifosi-della-juventus-lukaku-sotto-i-riflettori","status":"publish","type":"post","link":"https:\/\/thefootballsquare.com\/en\/scossa-tra-i-tifosi-della-juventus-lukaku-sotto-i-riflettori\/","title":{"rendered":"Scossa tra i tifosi della Juventus: Lukaku sotto i riflettori"},"content":{"rendered":"<p>Un&#8217;esplosione di emozioni si \u00e8 scatenata tra i tifosi della Juventus, la causa del tumulto \u00e8 dovuta al corteggiamento dei bianconeri nei confronti di <strong>Romelu Lukaku<\/strong>, l&#8217;ex stella dell&#8217;Inter che sembra stia stravolgendo i piani di tutti.<\/p>\n\n\n\n<p>In un calciomercato gi\u00e0 carico di sorprese, il nome di Lukaku \u00e8 balzato agli onori delle cronache, sconvolgendo l&#8217;ambiente calcistico italiano. L&#8217;attaccante belga, un tempo osannato dai tifosi nerazzurri, sembra aver tradito le loro aspettative, avvicinandosi a grandi passi verso la Juventus. Una mossa che ha lasciato i sostenitori dell&#8217;Inter increduli e amareggiati. Proprio quando sembrava che la trattativa tra l&#8217;Inter e il <strong>Chelsea<\/strong> fosse sul punto di concludersi, Lukaku ha improvvisamente voltato le spalle ai suoi ex compagni e intrapreso la strada per Torino.<\/p>\n\n\n\n<figure class=\"wp-block-image size-large\"><img data-dominant-color=\"2c2d26\" data-has-transparency=\"false\" style=\"--dominant-color: #2c2d26;\" fetchpriority=\"high\" decoding=\"async\" width=\"1024\" height=\"683\" src=\"https:\/\/thefootballsquare.com\/wp-content\/uploads\/2023\/07\/Romelu-Lukaku-1-1024x683.webp\" alt=\"\" class=\"not-transparent wp-image-26122\" srcset=\"https:\/\/thefootballsquare.com\/wp-content\/uploads\/2023\/07\/Romelu-Lukaku-1-1024x683.webp 1024w, https:\/\/thefootballsquare.com\/wp-content\/uploads\/2023\/07\/Romelu-Lukaku-1-300x200.webp 300w, https:\/\/thefootballsquare.com\/wp-content\/uploads\/2023\/07\/Romelu-Lukaku-1-768x512.webp 768w, https:\/\/thefootballsquare.com\/wp-content\/uploads\/2023\/07\/Romelu-Lukaku-1-1536x1024.webp 1536w, https:\/\/thefootballsquare.com\/wp-content\/uploads\/2023\/07\/Romelu-Lukaku-1-2048x1365.webp 2048w, https:\/\/thefootballsquare.com\/wp-content\/uploads\/2023\/07\/Romelu-Lukaku-1-18x12.webp 18w, https:\/\/thefootballsquare.com\/wp-content\/uploads\/2023\/07\/Romelu-Lukaku-1-600x400.webp 600w\" sizes=\"(max-width: 1024px) 100vw, 1024px\" \/><\/figure>\n\n\n\n<p>Tuttavia, l&#8217;<strong>arrivo di Lukaku alla Juventus non \u00e8 ancora avvenuto<\/strong>. Prima di poter acquistare l&#8217;attaccante belga, i bianconeri dovranno liberarsi di <strong>Dusan Vlahovic<\/strong>, che si appresta a trasferirsi probabilmente al <strong>Paris Saint-Germain<\/strong>. <\/p>\n\n\n\n<p>Tuttavia, i tifosi bianconeri non hanno accolto la notizia con gioia, cori di protesta hanno scandito l&#8217;aria contro il possibile acquisto di Lukaku. In particolare, il coro &#8220;<em>Noi Lukaku non lo vogliamo<\/em>&#8221; \u00e8 stato intonato pi\u00f9 e pi\u00f9 volte, evidenziando il malcontento dei tifosi.<\/p>\n\n\n\n<p>Ma le proteste non si sono fermate qui. I tifosi hanno manifestato il loro disappunto anche per l&#8217;esclusione di <strong>Leonardo Bonucci<\/strong> da parte dell&#8217;allenatore Massimiliano Allegri. Inoltre, il possibile passaggio di <strong>Juan Cuadrado<\/strong> all&#8217;Inter a parametro zero \u00e8 stato preso di mira, aggiungendo ulteriori tensioni all&#8217;ambiente bianconero.<\/p>\n\n\n\n<p>Quest&#8217;estate si preannuncia quindi travolgente per la Juventus, con i suoi tifosi che si ribellano alle possibili decisioni di mercato. <\/p>\n\n\n\n<p><strong>Se vuoi saperne di pi\u00f9 in merito alle sorti di Lukaku, clicca qui<\/strong>.<\/p>","protected":false},"excerpt":{"rendered":"<p>Un&#8217;esplosione di emozioni si \u00e8 scatenata tra i tifosi della Juventus, la causa del tumulto \u00e8 dovuta al corteggiamento dei bianconeri nei confronti di Romelu Lukaku, l&#8217;ex stella dell&#8217;Inter che sembra stia stravolgendo i piani di tutti. In un calciomercato gi\u00e0 carico di sorprese, il nome di Lukaku \u00e8 balzato agli onori delle cronache, sconvolgendo [&hellip;]<\/p>","protected":false},"author":7,"featured_media":26120,"comment_status":"open","ping_status":"open","sticky":false,"template":"","format":"standard","meta":{"footnotes":"","_glsr_average":0,"_glsr_ranking":0,"_glsr_reviews":0},"categories":[1],"tags":[656,742,739,743,741],"yoast_head":"<!-- This site is optimized with the Yoast SEO plugin v22.3 - https:\/\/yoast.com\/wordpress\/plugins\/seo\/ -->\n<title>Scossa tra i Tifosi della Juventus: Lukaku sotto tiro<\/title>\n<meta name=\"description\" content=\"Romelu Lukaku, l&#039;attaccante belga, da promesso sposo all&#039;Inter, ha messo in atto un clamoroso &quot;tradimento&quot; ed \u00e8 ad un passo dalla Juventus.\" \/>\n<meta name=\"robots\" content=\"index, follow, max-snippet:-1, max-image-preview:large, max-video-preview:-1\" \/>\n<link rel=\"canonical\" href=\"https:\/\/thefootballsquare.com\/en\/scossa-tra-i-tifosi-della-juventus-lukaku-sotto-i-riflettori\/\" \/>\n<meta property=\"og:locale\" content=\"en_GB\" \/>\n<meta property=\"og:type\" content=\"article\" \/>\n<meta property=\"og:title\" content=\"Scossa tra i Tifosi della Juventus: Lukaku sotto tiro\" \/>\n<meta property=\"og:description\" content=\"Romelu Lukaku, l&#039;attaccante belga, da promesso sposo all&#039;Inter, ha messo in atto un clamoroso &quot;tradimento&quot; ed \u00e8 ad un passo dalla Juventus.\" \/>\n<meta property=\"og:url\" content=\"https:\/\/thefootballsquare.com\/en\/scossa-tra-i-tifosi-della-juventus-lukaku-sotto-i-riflettori\/\" \/>\n<meta property=\"og:site_name\" content=\"thefootballsquare.com\" \/>\n<meta property=\"article:published_time\" content=\"2023-07-26T14:15:30+00:00\" \/>\n<meta property=\"article:modified_time\" content=\"2024-09-18T12:48:30+00:00\" \/>\n<meta property=\"og:image\" content=\"https:\/\/thefootballsquare.com\/wp-content\/uploads\/2023\/07\/Lukaku-inter-o-juventus-scaled.webp\" \/>\n\t<meta property=\"og:image:width\" content=\"2560\" \/>\n\t<meta property=\"og:image:height\" content=\"1707\" \/>\n\t<meta property=\"og:image:type\" content=\"image\/jpeg\" \/>\n<meta name=\"author\" content=\"Amministrazione\" \/>\n<meta name=\"twitter:card\" content=\"summary_large_image\" \/>\n<meta name=\"twitter:title\" content=\"Scossa tra i Tifosi della Juventus: Lukaku sotto tiro\" \/>\n<meta name=\"twitter:description\" content=\"Romelu Lukaku, l&#039;attaccante belga, da promesso sposo all&#039;Inter, ha messo in atto un clamoroso &quot;tradimento&quot; ed \u00e8 ad un passo dalla Juventus.\" \/>\n<meta name=\"twitter:label1\" content=\"Written by\" \/>\n\t<meta name=\"twitter:data1\" content=\"Amministrazione\" \/>\n\t<meta name=\"twitter:label2\" content=\"Estimated reading time\" \/>\n\t<meta name=\"twitter:data2\" content=\"2 minutes\" \/>\n<script type=\"application\/ld+json\" class=\"yoast-schema-graph\">{\"@context\":\"https:\/\/schema.org\",\"@graph\":[{\"@type\":\"Article\",\"@id\":\"https:\/\/thefootballsquare.com\/scossa-tra-i-tifosi-della-juventus-lukaku-sotto-i-riflettori\/#article\",\"isPartOf\":{\"@id\":\"https:\/\/thefootballsquare.com\/scossa-tra-i-tifosi-della-juventus-lukaku-sotto-i-riflettori\/\"},\"author\":{\"name\":\"Amministrazione\",\"@id\":\"https:\/\/thefootballsquare.com\/#\/schema\/person\/0216efb8d293ee7aed7aa770f9d52b6b\"},\"headline\":\"Scossa tra i tifosi della Juventus: Lukaku sotto i riflettori\",\"datePublished\":\"2023-07-26T14:15:30+00:00\",\"dateModified\":\"2024-09-18T12:48:30+00:00\",\"mainEntityOfPage\":{\"@id\":\"https:\/\/thefootballsquare.com\/scossa-tra-i-tifosi-della-juventus-lukaku-sotto-i-riflettori\/\"},\"wordCount\":297,\"commentCount\":0,\"publisher\":{\"@id\":\"https:\/\/thefootballsquare.com\/#organization\"},\"image\":{\"@id\":\"https:\/\/thefootballsquare.com\/scossa-tra-i-tifosi-della-juventus-lukaku-sotto-i-riflettori\/#primaryimage\"},\"thumbnailUrl\":\"https:\/\/thefootballsquare.com\/wp-content\/uploads\/2023\/07\/Lukaku-inter-o-juventus-scaled.webp\",\"keywords\":[\"inter\",\"Leonardo Bonucci\",\"Lukaku\",\"Massimiliano Allegri\",\"Vlahovic\"],\"articleSection\":[\"News\"],\"inLanguage\":\"en-GB\",\"potentialAction\":[{\"@type\":\"CommentAction\",\"name\":\"Comment\",\"target\":[\"https:\/\/thefootballsquare.com\/scossa-tra-i-tifosi-della-juventus-lukaku-sotto-i-riflettori\/#respond\"]}]},{\"@type\":\"WebPage\",\"@id\":\"https:\/\/thefootballsquare.com\/scossa-tra-i-tifosi-della-juventus-lukaku-sotto-i-riflettori\/\",\"url\":\"https:\/\/thefootballsquare.com\/scossa-tra-i-tifosi-della-juventus-lukaku-sotto-i-riflettori\/\",\"name\":\"Scossa tra i Tifosi della Juventus: Lukaku sotto tiro\",\"isPartOf\":{\"@id\":\"https:\/\/thefootballsquare.com\/#website\"},\"primaryImageOfPage\":{\"@id\":\"https:\/\/thefootballsquare.com\/scossa-tra-i-tifosi-della-juventus-lukaku-sotto-i-riflettori\/#primaryimage\"},\"image\":{\"@id\":\"https:\/\/thefootballsquare.com\/scossa-tra-i-tifosi-della-juventus-lukaku-sotto-i-riflettori\/#primaryimage\"},\"thumbnailUrl\":\"https:\/\/thefootballsquare.com\/wp-content\/uploads\/2023\/07\/Lukaku-inter-o-juventus-scaled.webp\",\"datePublished\":\"2023-07-26T14:15:30+00:00\",\"dateModified\":\"2024-09-18T12:48:30+00:00\",\"description\":\"Romelu Lukaku, l'attaccante belga, da promesso sposo all'Inter, ha messo in atto un clamoroso \\\"tradimento\\\" ed \u00e8 ad un passo dalla Juventus.\",\"breadcrumb\":{\"@id\":\"https:\/\/thefootballsquare.com\/scossa-tra-i-tifosi-della-juventus-lukaku-sotto-i-riflettori\/#breadcrumb\"},\"inLanguage\":\"en-GB\",\"potentialAction\":[{\"@type\":\"ReadAction\",\"target\":[\"https:\/\/thefootballsquare.com\/scossa-tra-i-tifosi-della-juventus-lukaku-sotto-i-riflettori\/\"]}]},{\"@type\":\"ImageObject\",\"inLanguage\":\"en-GB\",\"@id\":\"https:\/\/thefootballsquare.com\/scossa-tra-i-tifosi-della-juventus-lukaku-sotto-i-riflettori\/#primaryimage\",\"url\":\"https:\/\/thefootballsquare.com\/wp-content\/uploads\/2023\/07\/Lukaku-inter-o-juventus-scaled.webp\",\"contentUrl\":\"https:\/\/thefootballsquare.com\/wp-content\/uploads\/2023\/07\/Lukaku-inter-o-juventus-scaled.webp\",\"width\":2560,\"height\":1707,\"caption\":\"Lukaku-inter-o-juventus\"},{\"@type\":\"BreadcrumbList\",\"@id\":\"https:\/\/thefootballsquare.com\/scossa-tra-i-tifosi-della-juventus-lukaku-sotto-i-riflettori\/#breadcrumb\",\"itemListElement\":[{\"@type\":\"ListItem\",\"position\":1,\"name\":\"Home\",\"item\":\"https:\/\/thefootballsquare.com\/\"},{\"@type\":\"ListItem\",\"position\":2,\"name\":\"Scossa tra i tifosi della Juventus: Lukaku sotto i riflettori\"}]},{\"@type\":\"WebSite\",\"@id\":\"https:\/\/thefootballsquare.com\/#website\",\"url\":\"https:\/\/thefootballsquare.com\/\",\"name\":\"thefootballsquare.com\",\"description\":\"\",\"publisher\":{\"@id\":\"https:\/\/thefootballsquare.com\/#organization\"},\"potentialAction\":[{\"@type\":\"SearchAction\",\"target\":{\"@type\":\"EntryPoint\",\"urlTemplate\":\"https:\/\/thefootballsquare.com\/?s={search_term_string}\"},\"query-input\":\"required name=search_term_string\"}],\"inLanguage\":\"en-GB\"},{\"@type\":\"Organization\",\"@id\":\"https:\/\/thefootballsquare.com\/#organization\",\"name\":\"thefootballsquare.com\",\"url\":\"https:\/\/thefootballsquare.com\/\",\"logo\":{\"@type\":\"ImageObject\",\"inLanguage\":\"en-GB\",\"@id\":\"https:\/\/thefootballsquare.com\/#\/schema\/logo\/image\/\",\"url\":\"https:\/\/thefootballsquare.com\/wp-content\/uploads\/2023\/02\/logo_TheFootbalSquare_bianco@4x.png\",\"contentUrl\":\"https:\/\/thefootballsquare.com\/wp-content\/uploads\/2023\/02\/logo_TheFootbalSquare_bianco@4x.png\",\"width\":581,\"height\":477,\"caption\":\"thefootballsquare.com\"},\"image\":{\"@id\":\"https:\/\/thefootballsquare.com\/#\/schema\/logo\/image\/\"}},{\"@type\":\"Person\",\"@id\":\"https:\/\/thefootballsquare.com\/#\/schema\/person\/0216efb8d293ee7aed7aa770f9d52b6b\",\"name\":\"Amministrazione\",\"image\":{\"@type\":\"ImageObject\",\"inLanguage\":\"en-GB\",\"@id\":\"https:\/\/thefootballsquare.com\/#\/schema\/person\/image\/\",\"url\":\"https:\/\/secure.gravatar.com\/avatar\/db9a99665c31af8b7a5b7a624cd4973c?s=96&d=mm&r=g\",\"contentUrl\":\"https:\/\/secure.gravatar.com\/avatar\/db9a99665c31af8b7a5b7a624cd4973c?s=96&d=mm&r=g\",\"caption\":\"Amministrazione\"},\"url\":\"https:\/\/thefootballsquare.com\/en\/author\/amministrazione\/\"}]}<\/script>\n<!-- \/ Yoast SEO plugin. -->","yoast_head_json":{"title":"Scossa tra i Tifosi della Juventus: Lukaku sotto tiro","description":"Romelu Lukaku, l'attaccante belga, da promesso sposo all'Inter, ha messo in atto un clamoroso \"tradimento\" ed \u00e8 ad un passo dalla Juventus.","robots":{"index":"index","follow":"follow","max-snippet":"max-snippet:-1","max-image-preview":"max-image-preview:large","max-video-preview":"max-video-preview:-1"},"canonical":"https:\/\/thefootballsquare.com\/en\/scossa-tra-i-tifosi-della-juventus-lukaku-sotto-i-riflettori\/","og_locale":"en_GB","og_type":"article","og_title":"Scossa tra i Tifosi della Juventus: Lukaku sotto tiro","og_description":"Romelu Lukaku, l'attaccante belga, da promesso sposo all'Inter, ha messo in atto un clamoroso \"tradimento\" ed \u00e8 ad un passo dalla Juventus.","og_url":"https:\/\/thefootballsquare.com\/en\/scossa-tra-i-tifosi-della-juventus-lukaku-sotto-i-riflettori\/","og_site_name":"thefootballsquare.com","article_published_time":"2023-07-26T14:15:30+00:00","article_modified_time":"2024-09-18T12:48:30+00:00","og_image":[{"width":2560,"height":1707,"url":"https:\/\/thefootballsquare.com\/wp-content\/uploads\/2023\/07\/Lukaku-inter-o-juventus-scaled.webp","type":"image\/jpeg"}],"author":"Amministrazione","twitter_card":"summary_large_image","twitter_title":"Scossa tra i Tifosi della Juventus: Lukaku sotto tiro","twitter_description":"Romelu Lukaku, l'attaccante belga, da promesso sposo all'Inter, ha messo in atto un clamoroso \"tradimento\" ed \u00e8 ad un passo dalla Juventus.","twitter_misc":{"Written by":"Amministrazione","Estimated reading time":"2 minutes"},"schema":{"@context":"https:\/\/schema.org","@graph":[{"@type":"Article","@id":"https:\/\/thefootballsquare.com\/scossa-tra-i-tifosi-della-juventus-lukaku-sotto-i-riflettori\/#article","isPartOf":{"@id":"https:\/\/thefootballsquare.com\/scossa-tra-i-tifosi-della-juventus-lukaku-sotto-i-riflettori\/"},"author":{"name":"Amministrazione","@id":"https:\/\/thefootballsquare.com\/#\/schema\/person\/0216efb8d293ee7aed7aa770f9d52b6b"},"headline":"Scossa tra i tifosi della Juventus: Lukaku sotto i riflettori","datePublished":"2023-07-26T14:15:30+00:00","dateModified":"2024-09-18T12:48:30+00:00","mainEntityOfPage":{"@id":"https:\/\/thefootballsquare.com\/scossa-tra-i-tifosi-della-juventus-lukaku-sotto-i-riflettori\/"},"wordCount":297,"commentCount":0,"publisher":{"@id":"https:\/\/thefootballsquare.com\/#organization"},"image":{"@id":"https:\/\/thefootballsquare.com\/scossa-tra-i-tifosi-della-juventus-lukaku-sotto-i-riflettori\/#primaryimage"},"thumbnailUrl":"https:\/\/thefootballsquare.com\/wp-content\/uploads\/2023\/07\/Lukaku-inter-o-juventus-scaled.webp","keywords":["inter","Leonardo Bonucci","Lukaku","Massimiliano Allegri","Vlahovic"],"articleSection":["News"],"inLanguage":"en-GB","potentialAction":[{"@type":"CommentAction","name":"Comment","target":["https:\/\/thefootballsquare.com\/scossa-tra-i-tifosi-della-juventus-lukaku-sotto-i-riflettori\/#respond"]}]},{"@type":"WebPage","@id":"https:\/\/thefootballsquare.com\/scossa-tra-i-tifosi-della-juventus-lukaku-sotto-i-riflettori\/","url":"https:\/\/thefootballsquare.com\/scossa-tra-i-tifosi-della-juventus-lukaku-sotto-i-riflettori\/","name":"Scossa tra i Tifosi della Juventus: Lukaku sotto tiro","isPartOf":{"@id":"https:\/\/thefootballsquare.com\/#website"},"primaryImageOfPage":{"@id":"https:\/\/thefootballsquare.com\/scossa-tra-i-tifosi-della-juventus-lukaku-sotto-i-riflettori\/#primaryimage"},"image":{"@id":"https:\/\/thefootballsquare.com\/scossa-tra-i-tifosi-della-juventus-lukaku-sotto-i-riflettori\/#primaryimage"},"thumbnailUrl":"https:\/\/thefootballsquare.com\/wp-content\/uploads\/2023\/07\/Lukaku-inter-o-juventus-scaled.webp","datePublished":"2023-07-26T14:15:30+00:00","dateModified":"2024-09-18T12:48:30+00:00","description":"Romelu Lukaku, l'attaccante belga, da promesso sposo all'Inter, ha messo in atto un clamoroso \"tradimento\" ed \u00e8 ad un passo dalla Juventus.","breadcrumb":{"@id":"https:\/\/thefootballsquare.com\/scossa-tra-i-tifosi-della-juventus-lukaku-sotto-i-riflettori\/#breadcrumb"},"inLanguage":"en-GB","potentialAction":[{"@type":"ReadAction","target":["https:\/\/thefootballsquare.com\/scossa-tra-i-tifosi-della-juventus-lukaku-sotto-i-riflettori\/"]}]},{"@type":"ImageObject","inLanguage":"en-GB","@id":"https:\/\/thefootballsquare.com\/scossa-tra-i-tifosi-della-juventus-lukaku-sotto-i-riflettori\/#primaryimage","url":"https:\/\/thefootballsquare.com\/wp-content\/uploads\/2023\/07\/Lukaku-inter-o-juventus-scaled.webp","contentUrl":"https:\/\/thefootballsquare.com\/wp-content\/uploads\/2023\/07\/Lukaku-inter-o-juventus-scaled.webp","width":2560,"height":1707,"caption":"Lukaku-inter-o-juventus"},{"@type":"BreadcrumbList","@id":"https:\/\/thefootballsquare.com\/scossa-tra-i-tifosi-della-juventus-lukaku-sotto-i-riflettori\/#breadcrumb","itemListElement":[{"@type":"ListItem","position":1,"name":"Home","item":"https:\/\/thefootballsquare.com\/"},{"@type":"ListItem","position":2,"name":"Scossa tra i tifosi della Juventus: Lukaku sotto i riflettori"}]},{"@type":"WebSite","@id":"https:\/\/thefootballsquare.com\/#website","url":"https:\/\/thefootballsquare.com\/","name":"thefootballsquare.com","description":"","publisher":{"@id":"https:\/\/thefootballsquare.com\/#organization"},"potentialAction":[{"@type":"SearchAction","target":{"@type":"EntryPoint","urlTemplate":"https:\/\/thefootballsquare.com\/?s={search_term_string}"},"query-input":"required name=search_term_string"}],"inLanguage":"en-GB"},{"@type":"Organization","@id":"https:\/\/thefootballsquare.com\/#organization","name":"thefootballsquare.com","url":"https:\/\/thefootballsquare.com\/","logo":{"@type":"ImageObject","inLanguage":"en-GB","@id":"https:\/\/thefootballsquare.com\/#\/schema\/logo\/image\/","url":"https:\/\/thefootballsquare.com\/wp-content\/uploads\/2023\/02\/logo_TheFootbalSquare_bianco@4x.png","contentUrl":"https:\/\/thefootballsquare.com\/wp-content\/uploads\/2023\/02\/logo_TheFootbalSquare_bianco@4x.png","width":581,"height":477,"caption":"thefootballsquare.com"},"image":{"@id":"https:\/\/thefootballsquare.com\/#\/schema\/logo\/image\/"}},{"@type":"Person","@id":"https:\/\/thefootballsquare.com\/#\/schema\/person\/0216efb8d293ee7aed7aa770f9d52b6b","name":"Amministrazione","image":{"@type":"ImageObject","inLanguage":"en-GB","@id":"https:\/\/thefootballsquare.com\/#\/schema\/person\/image\/","url":"https:\/\/secure.gravatar.com\/avatar\/db9a99665c31af8b7a5b7a624cd4973c?s=96&d=mm&r=g","contentUrl":"https:\/\/secure.gravatar.com\/avatar\/db9a99665c31af8b7a5b7a624cd4973c?s=96&d=mm&r=g","caption":"Amministrazione"},"url":"https:\/\/thefootballsquare.com\/en\/author\/amministrazione\/"}]}},"_links":{"self":[{"href":"https:\/\/thefootballsquare.com\/en\/wp-json\/wp\/v2\/posts\/26114"}],"collection":[{"href":"https:\/\/thefootballsquare.com\/en\/wp-json\/wp\/v2\/posts"}],"about":[{"href":"https:\/\/thefootballsquare.com\/en\/wp-json\/wp\/v2\/types\/post"}],"author":[{"embeddable":true,"href":"https:\/\/thefootballsquare.com\/en\/wp-json\/wp\/v2\/users\/7"}],"replies":[{"embeddable":true,"href":"https:\/\/thefootballsquare.com\/en\/wp-json\/wp\/v2\/comments?post=26114"}],"version-history":[{"count":1,"href":"https:\/\/thefootballsquare.com\/en\/wp-json\/wp\/v2\/posts\/26114\/revisions"}],"predecessor-version":[{"id":47833,"href":"https:\/\/thefootballsquare.com\/en\/wp-json\/wp\/v2\/posts\/26114\/revisions\/47833"}],"wp:featuredmedia":[{"embeddable":true,"href":"https:\/\/thefootballsquare.com\/en\/wp-json\/wp\/v2\/media\/26120"}],"wp:attachment":[{"href":"https:\/\/thefootballsquare.com\/en\/wp-json\/wp\/v2\/media?parent=26114"}],"wp:term":[{"taxonomy":"category","embeddable":true,"href":"https:\/\/thefootballsquare.com\/en\/wp-json\/wp\/v2\/categories?post=26114"},{"taxonomy":"post_tag","embeddable":true,"href":"https:\/\/thefootballsquare.com\/en\/wp-json\/wp\/v2\/tags?post=26114"}],"curies":[{"name":"wp","href":"https:\/\/api.w.org\/{rel}","templated":true}]}}